{"id":7805,"date":"2023-01-18T18:09:20","date_gmt":"2023-01-18T23:09:20","guid":{"rendered":"https:\/\/asac.ca\/?p=7805"},"modified":"2023-01-18T18:09:20","modified_gmt":"2023-01-18T23:09:20","slug":"professeure-professeur-en-commerce-de-detail-universite-du-quebec-a-montreal","status":"publish","type":"post","link":"https:\/\/asac.ca\/fr\/professeure-professeur-en-commerce-de-detail-universite-du-quebec-a-montreal\/","title":{"rendered":"Professeure, professeur en commerce de d\u00e9tail \u2014 Universit\u00e9 du Qu\u00e9bec \u00e0 Montr\u00e9al"},"content":{"rendered":"<p>POSTE DE PROFESSEURE, PROFESSEUR EN COMMERCE DE D\u00c9TAIL (RETAIL)<\/p>\n<p>L&#8217;Universit\u00e9 du Qu\u00e9bec \u00e0 Montr\u00e9al (UQAM) recherche des candidates et candidats qualifi\u00e9s afin de renouveler son corps professoral<br \/>\net assurer un d\u00e9veloppement de qualit\u00e9 dans tous ses domaines d\u2019activit\u00e9.<\/p>\n<p>Institution de haut savoir, l\u2019UQAM est une universit\u00e9 dynamique et novatrice, o\u00f9 ensemble, toutes les personnes qui y \u0153uvrent conjuguent leurs efforts pour participer \u00e0 l\u2019accomplissement de ses missions de formation, de recherche et cr\u00e9ation, ainsi que de services \u00e0 la collectivit\u00e9.<\/p>\n<p>En raison de la croissance importante de la demande pour la formation universitaire de haut niveau en gestion et de ses besoins en recherche et enseignement, le D\u00e9partement de marketing de l\u2019ESG UQAM recrute des candidats et candidates afin d\u2019\u00e9largir son \u00e9quipe professorale et d\u2019assurer un d\u00e9veloppement de qualit\u00e9 dans son domaine d\u2019activit\u00e9.<\/p>\n<p>SOMMAIRE DE LA FONCTION:<\/p>\n<ul>\n<li>Enseignement et encadrement aux trois cycles d\u2019\u00e9tudes<\/li>\n<li>Recherche dans le domaine du commerce de d\u00e9tail<\/li>\n<li>Services \u00e0 la collectivit\u00e9<\/li>\n<\/ul>\n<p>EXIGENCES:<\/p>\n<ul>\n<li>Doctorat en administration sp\u00e9cialis\u00e9 en marketing de pr\u00e9f\u00e9rence en commerce de d\u00e9tail ou dans<br \/>\nun domaine connexe au commerce de d\u00e9tail<\/li>\n<li>Excellente exp\u00e9rience d\u2019enseignement et de recherches universitaires pertinentes<\/li>\n<li>Une exp\u00e9rience dans le domaine du commerce de d\u00e9tail est un atout pour ce poste<\/li>\n<li>Ma\u00eetrise de la langue fran\u00e7aise, tant \u00e0 l\u2019oral qu\u2019\u00e0 l\u2019\u00e9crit<\/li>\n<\/ul>\n<p>* Exceptionnellement, la candidature d\u2019une personne n\u2019ayant pas termin\u00e9 le dipl\u00f4me exig\u00e9 pourra \u00eatre consid\u00e9r\u00e9e.<\/p>\n<p>Toutefois, ce dipl\u00f4me devra avoir \u00e9t\u00e9 obtenu avant l\u2019acquisition de la permanence, en conformit\u00e9 avec les dispositions de la convention collective UQAM-SPUQ.<\/p>\n<p>DATE D&#8217;ENTR\u00c9E EN FONCTION: 1er JUIN 2023<\/p>\n<p>TRAITEMENT: Selon la convention collective UQAM-SPUQ<\/p>\n<p>Soucieuse d\u2019\u00eatre repr\u00e9sentative de la soci\u00e9t\u00e9 qu\u00e9b\u00e9coise et d\u00e9termin\u00e9e \u00e0 s\u2019enrichir de sa diversit\u00e9, l&#8217;Universit\u00e9 invite toutes les personnes qualifi\u00e9es \u00e0 soumettre leur candidature, en particulier les femmes, les personnes autochtones, les membres de minorit\u00e9s visibles et ethniques, ainsi que les personnes handicap\u00e9es relativement au Programme d&#8217;acc\u00e8s \u00e0 l&#8217;\u00e9galit\u00e9 en emploi. Les personnes issues de ces groupes sont invit\u00e9es \u00e0 s\u2019auto-identifier lors du d\u00e9p\u00f4t de leur candidature en remplissant le questionnaire d\u2019identification \u00e0 la pr\u00e9sente adresse et \u00e0 le joindre \u00e0 leur dossier de candidature: <a href=\"https:\/\/rh.uqam.ca\/qaccesegalite\/\" rel=\"nofollow\">https:\/\/rh.uqam.ca\/qaccesegalite\/<\/a><\/p>\n<p>Conform\u00e9ment aux exigences canadiennes en mati\u00e8re d\u2019immigration, la priorit\u00e9 devra \u00eatre accord\u00e9e aux personnes ayant les autorisations n\u00e9cessaires pour travailler au Canada. Ce crit\u00e8re n\u2019est pas une priorit\u00e9 au sens des conventions collectives applicables.<\/p>\n<p>Les personnes int\u00e9ress\u00e9es sont pri\u00e9es de faire parvenir les documents suivants AVANT LE 31 JANVIER 2023, 17H00 : une lettre de motivation en fran\u00e7ais, un curriculum vitae en fran\u00e7ais, d\u00e9taill\u00e9, dat\u00e9 et sign\u00e9, trois lettres de recommandation, une copie d&#8217;au moins un article r\u00e9cent \u00e9valu\u00e9 par les pairs et publi\u00e9 ou accept\u00e9 dans une revue acad\u00e9mique et une copie des \u00e9valuations d&#8217;enseignement. Le dossier doit \u00eatre envoy\u00e9 en version \u00e9lectronique \u00e0 marketing@uqam.ca. Seuls les dossiers complets seront consid\u00e9r\u00e9.<\/p>\n<p style=\"padding-left: 40px;\">Monsieur Harold Boeck, directeur<\/p>\n<p style=\"padding-left: 40px;\">D\u00e9partement de Marketing<\/p>\n<p style=\"padding-left: 40px;\">\u00c9cole des sciences de la gestion<\/p>\n<p style=\"padding-left: 40px;\">Universit\u00e9 du Qu\u00e9bec \u00e0 Montr\u00e9al<\/p>\n<p style=\"padding-left: 40px;\">C.P. 8888, Succursale Centre-Ville<\/p>\n<p style=\"padding-left: 40px;\">Montr\u00e9al, Qu\u00e9bec, H3C 3P8<\/p>\n<p style=\"padding-left: 40px;\">T\u00e9l\u00e9phone: (514) 987-3000, poste 2146<\/p>","protected":false},"excerpt":{"rendered":"<p>POSTE DE PROFESSEURE, PROFESSEUR EN COMMERCE DE D\u00c9TAIL (RETAIL) L&#8217;Universit\u00e9 du Qu\u00e9bec \u00e0 Montr\u00e9al (UQAM) recherche des candidates et candidats qualifi\u00e9s afin de renouveler son corps professoral et assurer un [&hellip;]<\/p>\n","protected":false},"author":88652768,"featured_media":0,"comment_status":"closed","ping_status":"open","sticky":false,"template":"","format":"standard","meta":{"_bbp_topic_count":0,"_bbp_reply_count":0,"_bbp_total_topic_count":0,"_bbp_total_reply_count":0,"_bbp_voice_count":0,"_bbp_anonymous_reply_count":0,"_bbp_topic_count_hidden":0,"_bbp_reply_count_hidden":0,"_bbp_forum_subforum_count":0,"_coblocks_attr":"","_coblocks_dimensions":"","_coblocks_responsive_height":"","_coblocks_accordion_ie_support":"","_crdt_document":"","_genesis_hide_title":false,"_genesis_hide_breadcrumbs":false,"_genesis_hide_singular_image":false,"_genesis_hide_footer_widgets":false,"_genesis_custom_body_class":"","_genesis_custom_post_class":"","_genesis_layout":"","_jetpack_newsletter_access":"","_jetpack_dont_email_post_to_subs":false,"_jetpack_newsletter_tier_id":0,"_jetpack_memberships_contains_paywalled_content":false,"_jetpack_memberships_contains_paid_content":false,"footnotes":"","jetpack_publicize_message":"","jetpack_publicize_feature_enabled":true,"jetpack_social_post_already_shared":true,"jetpack_social_options":{"image_generator_settings":{"template":"highway","default_image_id":0,"font":"","enabled":false},"version":2},"_wpas_customize_per_network":false,"jetpack_post_was_ever_published":false},"categories":[670355319],"tags":[],"class_list":["post-7805","post","type-post","status-publish","format-standard","category-non-classifiee","entry"],"jetpack_publicize_connections":[],"jetpack_featured_media_url":"","jetpack_likes_enabled":false,"jetpack_sharing_enabled":true,"jetpack_shortlink":"https:\/\/wp.me\/p6jvYC-21T","jetpack-related-posts":[{"id":7797,"url":"https:\/\/asac.ca\/fr\/professeur-professeure-en-comportement-du-consommateur-universite-du-quebec-a-montreal\/","url_meta":{"origin":7805,"position":0},"title":"Professeur, professeure en comportement du consommateur \u2014 Universit\u00e9 du Qu\u00e9bec \u00e0 Montr\u00e9al","author":"asaccanada","date":"janvier 18, 2023","format":false,"excerpt":"POSTE DE PROFESSEURE, PROFESSEUR EN COMPORTEMENT DU CONSOMMATEUR L\u2019entr\u00e9e en fonction est pr\u00e9vue au 1er juin 2023 sous r\u00e9serve des autorisations budg\u00e9taires requises. L'Universit\u00e9 du Qu\u00e9bec \u00e0 Montr\u00e9al (UQAM) recherche des candidates et candidats qualifi\u00e9s afin de renouveler son corps professoral et assurer un d\u00e9veloppement de qualit\u00e9 dans tous ses\u2026","rel":"","context":"Dans &quot;Non classifi\u00e9(e)&quot;","block_context":{"text":"Non classifi\u00e9(e)","link":"https:\/\/asac.ca\/fr\/category\/non-classifiee\/"},"img":{"alt_text":"","src":"","width":0,"height":0},"classes":[]},{"id":7801,"url":"https:\/\/asac.ca\/fr\/professeure-professeur-en-marketing-numerique-universite-du-quebec-a-montreal\/","url_meta":{"origin":7805,"position":1},"title":"Professeure, professeur en marketing num\u00e9rique \u2014 Universit\u00e9 du Qu\u00e9bec \u00e0 Montr\u00e9al","author":"asaccanada","date":"janvier 18, 2023","format":false,"excerpt":"POSTE DE PROFESSEURE, PROFESSEUR EN MARKETING NUM\u00c9RIQUE L\u2019entr\u00e9e en fonction est pr\u00e9vue au 1er juin 2023 sous r\u00e9serve des autorisations budg\u00e9taires requises. L\u2019Universit\u00e9 du Qu\u00e9bec \u00e0 Montr\u00e9al (UQAM) recherche des candidates et candidats qualifi\u00e9s afin de renouveler son corps professoral et assurer un d\u00e9veloppement de qualit\u00e9 dans tous ses domaines\u2026","rel":"","context":"Dans &quot;Non classifi\u00e9(e)&quot;","block_context":{"text":"Non classifi\u00e9(e)","link":"https:\/\/asac.ca\/fr\/category\/non-classifiee\/"},"img":{"alt_text":"","src":"","width":0,"height":0},"classes":[]},{"id":10541,"url":"https:\/\/asac.ca\/fr\/professeure-professeur-substitut-en-gestion-des-ressources-humaines-luniversite-du-quebec-a-montreal\/","url_meta":{"origin":7805,"position":2},"title":"Professeure, Professeur Substitut en Gestion Des Ressources Humaines \u2014 L\u2019Universit\u00e9 du Qu\u00e9bec \u00e0 Montr\u00e9al","author":"asaccanada","date":"mars 9, 2024","format":false,"excerpt":"***English will follow*** AU D\u00c9PARTEMENT D'ORGANISATION ET RESSOURCES HUMAINES POSTE DE PROFESSEURE, PROFESSEUR SUBSTITUT EN GESTION DES RESSOURCES HUMAINES L\u2019UQAM recherche des candidates et candidats qualifi\u00e9s afin de s\u2019adjoindre une professeure, un professeur substitut au sein de son corps professoral pour une p\u00e9riode d\u2019un an, avec la possibilit\u00e9 de renouvellement\u2026","rel":"","context":"Dans &quot;Human Resources&quot;","block_context":{"text":"Human Resources","link":"https:\/\/asac.ca\/fr\/category\/human-resources-2\/"},"img":{"alt_text":"","src":"","width":0,"height":0},"classes":[]},{"id":18534,"url":"https:\/\/asac.ca\/fr\/departement-de-marketing-faculte-des-sciences-de-ladministration-universite-laval-professeure-ou-professeur-au-rang-adjoint-ou-agrege\/","url_meta":{"origin":7805,"position":3},"title":"HEC, Montr\u00e9al ~ Professeure, professeur &#8211; affaires internationales","author":"asaccanada","date":"juillet 29, 2025","format":false,"excerpt":"Cl\u00f4ture du concours: 15 octobre 2025 Le D\u00e9partement d\u2019affaires internationales de HEC Montr\u00e9al d\u00e9sire recruter un ou des professeur(e)s en affaires internationales, selon les besoins du d\u00e9partement, poss\u00e9dant une expertise et un int\u00e9r\u00eat sur les grands enjeux mondiaux et les transformations des dynamiques \u00e9conomiques, sociales et institutionnelles.\u00a0 Le comit\u00e9 souhaite\u2026","rel":"","context":"Dans &quot;International Business&quot;","block_context":{"text":"International Business","link":"https:\/\/asac.ca\/fr\/category\/international-business-2\/"},"img":{"alt_text":"","src":"","width":0,"height":0},"classes":[]},{"id":12267,"url":"https:\/\/asac.ca\/fr\/devenez-professeure-ou-professeur-au-rang-dadjoint-en-relations-du-travail-universite-de-montreal\/","url_meta":{"origin":7805,"position":4},"title":"Devenez professeure ou professeur au rang d&#8217;adjoint en relations du travail \u2014 Universit\u00e9 de Montr\u00e9al","author":"asaccanada","date":"octobre 19, 2024","format":false,"excerpt":"Information sur l'emploi Effervescente, pluridisciplinaire et novatrice, la\u00a0Facult\u00e9 des arts et des sciences\u00a0(FAS) est l\u2019une des plus grandes facult\u00e9s de l\u2019Universit\u00e9 de Montr\u00e9al. Elle compte 300 programmes de tous cycles, dont certains sont uniques au Qu\u00e9bec, r\u00e9partis dans 29 d\u00e9partements, \u00e9coles, centres et institut. Elle h\u00e9berge \u00e9galement une trentaine de\u2026","rel":"","context":"Dans &quot;Non classifi\u00e9(e)&quot;","block_context":{"text":"Non classifi\u00e9(e)","link":"https:\/\/asac.ca\/fr\/category\/non-classifiee\/"},"img":{"alt_text":"","src":"","width":0,"height":0},"classes":[]},{"id":12263,"url":"https:\/\/asac.ca\/fr\/professeur-ou-professeure-au-rang-dadjoint-en-politiques-publiques-en-matiere-de-travail-et-demploi-universite-de-montreal\/","url_meta":{"origin":7805,"position":5},"title":"Professeur ou professeure au rang d&#8217;adjoint en politiques publiques en mati\u00e8re de travail et d&#8217;emploi \u2014 Universit\u00e9 de Montr\u00e9al","author":"asaccanada","date":"octobre 19, 2024","format":false,"excerpt":"Information sur l'emploi Effervescente, pluridisciplinaire et novatrice, la\u00a0Facult\u00e9 des arts et des sciences\u00a0(FAS) est l\u2019une des plus grandes facult\u00e9s de l\u2019Universit\u00e9 de Montr\u00e9al. Elle compte 300 programmes de tous cycles, dont certains sont uniques au Qu\u00e9bec, r\u00e9partis dans 29 d\u00e9partements, \u00e9coles, centres et institut. Elle h\u00e9berge \u00e9galement une trentaine de\u2026","rel":"","context":"Dans &quot;Non classifi\u00e9(e)&quot;","block_context":{"text":"Non classifi\u00e9(e)","link":"https:\/\/asac.ca\/fr\/category\/non-classifiee\/"},"img":{"alt_text":"","src":"","width":0,"height":0},"classes":[]}],"amp_enabled":true,"_links":{"self":[{"href":"https:\/\/asac.ca\/fr\/wp-json\/wp\/v2\/posts\/7805","targetHints":{"allow":["GET"]}}],"collection":[{"href":"https:\/\/asac.ca\/fr\/wp-json\/wp\/v2\/posts"}],"about":[{"href":"https:\/\/asac.ca\/fr\/wp-json\/wp\/v2\/types\/post"}],"author":[{"embeddable":true,"href":"https:\/\/asac.ca\/fr\/wp-json\/wp\/v2\/users\/88652768"}],"replies":[{"embeddable":true,"href":"https:\/\/asac.ca\/fr\/wp-json\/wp\/v2\/comments?post=7805"}],"version-history":[{"count":2,"href":"https:\/\/asac.ca\/fr\/wp-json\/wp\/v2\/posts\/7805\/revisions"}],"predecessor-version":[{"id":7807,"href":"https:\/\/asac.ca\/fr\/wp-json\/wp\/v2\/posts\/7805\/revisions\/7807"}],"wp:attachment":[{"href":"https:\/\/asac.ca\/fr\/wp-json\/wp\/v2\/media?parent=7805"}],"wp:term":[{"taxonomy":"category","embeddable":true,"href":"https:\/\/asac.ca\/fr\/wp-json\/wp\/v2\/categories?post=7805"},{"taxonomy":"post_tag","embeddable":true,"href":"https:\/\/asac.ca\/fr\/wp-json\/wp\/v2\/tags?post=7805"}],"curies":[{"name":"wp","href":"https:\/\/api.w.org\/{rel}","templated":true}]}}