{"id":670355664,"count":1,"description":"","link":"https:\/\/asac.ca\/fr\/tag\/luniversite-du-quebec-a-montreal\/","name":"L\u2019Universit\u00e9 du Qu\u00e9bec \u00e0 Montr\u00e9al","slug":"luniversite-du-quebec-a-montreal","taxonomy":"post_tag","meta":[],"_links":{"self":[{"href":"https:\/\/asac.ca\/fr\/wp-json\/wp\/v2\/tags\/670355664","targetHints":{"allow":["GET"]}}],"collection":[{"href":"https:\/\/asac.ca\/fr\/wp-json\/wp\/v2\/tags"}],"about":[{"href":"https:\/\/asac.ca\/fr\/wp-json\/wp\/v2\/taxonomies\/post_tag"}],"wp:post_type":[{"href":"https:\/\/asac.ca\/fr\/wp-json\/wp\/v2\/posts?tags=670355664"},{"href":"https:\/\/asac.ca\/fr\/wp-json\/wp\/v2\/tribe_events?tags=670355664"},{"href":"https:\/\/asac.ca\/fr\/wp-json\/wp\/v2\/tec_calendar_embed?tags=670355664"}],"curies":[{"name":"wp","href":"https:\/\/api.w.org\/{rel}","templated":true}]}}